[{"@context":"https:\/\/schema.org\/","@type":"Article","@id":"https:\/\/www.lekosta.cz\/ani-psa-ani-kocku-poridte-detem-kralika\/#Article","mainEntityOfPage":"https:\/\/www.lekosta.cz\/ani-psa-ani-kocku-poridte-detem-kralika\/","headline":"Ani psa, ani ko\u010dku? Po\u0159i\u010fte d\u011btem kr\u00e1l\u00edka","name":"Ani psa, ani ko\u010dku? Po\u0159i\u010fte d\u011btem kr\u00e1l\u00edka","description":"Chov kr\u00e1l\u00edk\u016f jako dom\u00e1c\u00edch mazl\u00ed\u010dk\u016f v\u00a0posledn\u00ed dob\u011b nab\u00fdv\u00e1 na popularit\u011b.<span class=\"more-dots\"><a href=\"https:\/\/www.lekosta.cz\/ani-psa-ani-kocku-poridte-detem-kralika\/\">[ ... ]<\/span><\/a>","datePublished":"2019-01-26","dateModified":"2023-05-02","author":{"@type":"Person","@id":"https:\/\/www.lekosta.cz\/author\/#Person","name":"","url":"https:\/\/www.lekosta.cz\/author\/","identifier":1,"image":{"@type":"ImageObject","@id":"https:\/\/secure.gravatar.com\/avatar\/e746f9a3ec3ffe02f5df809714d800d50faf9f4f5ba0a7962a5d8229603fd33b?s=96&d=mm&r=g","url":"https:\/\/secure.gravatar.com\/avatar\/e746f9a3ec3ffe02f5df809714d800d50faf9f4f5ba0a7962a5d8229603fd33b?s=96&d=mm&r=g","height":96,"width":96}},"publisher":{"@type":"Organization","name":"lekosta.cz","logo":{"@type":"ImageObject","@id":"\/logo.png","url":"\/logo.png","width":600,"height":60}},"image":{"@type":"ImageObject","@id":"https:\/\/www.lekosta.cz\/wp-content\/uploads\/img_a340730_w1693_t1553622204.jpg","url":"https:\/\/www.lekosta.cz\/wp-content\/uploads\/img_a340730_w1693_t1553622204.jpg","height":0,"width":0},"url":"https:\/\/www.lekosta.cz\/ani-psa-ani-kocku-poridte-detem-kralika\/","about":["D\u011bti"],"wordCount":421,"articleBody":"\tChov kr\u00e1l\u00edk\u016f jako dom\u00e1c\u00edch mazl\u00ed\u010dk\u016f v\u00a0posledn\u00ed dob\u011b nab\u00fdv\u00e1 na popularit\u011b. Zat\u00edmco v\u00a0d\u0159\u00edv\u011bj\u0161\u00edch dob\u00e1ch byli chov\u00e1ni p\u0159edev\u0161\u00edm na maso, jsou dnes kr\u00e1l\u00edci p\u0159edev\u0161\u00edm ve sv\u00e9 zakrsl\u00e9 form\u011b \u010dasto br\u00e1ni jako platn\u00ed \u010dlenov\u00e9 rodiny. A p\u0159esto\u017ee se zv\u00ed\u0159\u00e1tko zd\u00e1 mnohem m\u00e9n\u011b n\u00e1ro\u010dn\u00e9 ne\u017e takov\u00fd pes nebo ko\u010dka, m\u00e1 jeho chov tak\u00e9 \u0159adu \u00faskal\u00ed.\tKr\u00e1l\u00edci nejsou hlodavci. Li\u0161\u00ed se od nich \u00fapln\u011b jin\u00fdm uspo\u0159\u00e1d\u00e1n\u00edm i konstrukc\u00ed chrupu, proto by nem\u011bli b\u00fdt za hlodavce pova\u017eov\u00e1ni. P\u0159i chovu kr\u00e1l\u00edku jsou stravovac\u00ed z\u00e1sady celkov\u011b nesm\u00edrn\u011b d\u016fle\u017eit\u00e9\u2026\t\t\tKr\u00e1l\u00edci by v\u017edy m\u011bli m\u00edt k\u00a0dispozici dostatek sena a pitn\u00e9 vody. Ke spr\u00e1vn\u00e9 funkci gastrointestin\u00e1ln\u00edho traktu toti\u017e kr\u00e1l\u00edci pot\u0159ebuj\u00ed dostatek vl\u00e1kniny, kter\u00fd jim pr\u00e1v\u011b seno m\u016f\u017ee poskytnout.\t\tDobr\u00e9 p\u0159ilep\u0161en\u00ed p\u0159edstavuje zejm\u00e9na v\u00a0letn\u00edm obdob\u00ed zelen\u00e9 krmen\u00ed. Nab\u00eddnout m\u016f\u017eete kr\u00e1l\u00edk\u016fm oby\u010dejn\u00e1 st\u00e9bla tr\u00e1vy, pochutnaj\u00ed si ale i na listech pampeli\u0161ky, vojt\u011b\u0161ce nebo jeteli.\t\tPokud chcete stravu \u0159e\u0161it jednodu\u0161eji, m\u016f\u017eete vsadit na kvalitn\u00ed granule. Je ale nutn\u00e9 vyhnout se v\u00fdrobk\u016fm, kter\u00e9 obsahuj\u00ed vysok\u00e9 mno\u017estv\u00ed obilnin a tu\u010dn\u00fdch semen, po kter\u00fdch m\u016f\u017eou kr\u00e1l\u00ed\u010dci tloustnout.\t\tJak u\u017e je zm\u00edn\u011bno v\u00fd\u0161e, nen\u00ed dobr\u00e9 pod\u00e1vat krmen\u00ed s\u00a0vysok\u00fdm obsahem cukru a tuku. Omezte tedy p\u0159\u00edjem o\u0159ech\u016f, ovoce a zrnin, a nahra\u010fte je rad\u011bji kvalitn\u00edm senem.Dal\u0161\u00ed p\u00e9\u010de o kr\u00e1l\u00ed\u010dka u\u017e je jednodu\u0161\u0161\u00ed a nab\u00edz\u00ed \u0159adu mo\u017enost\u00ed. M\u016f\u017eete jej chovat v\u00a0kleci v\u00a0byt\u011b, st\u00e1le \u010dast\u011bj\u0161\u00ed jsou ale mezi chovateli i proch\u00e1zky s\u00a0kr\u00e1l\u00ed\u010dky. S\u00a0nimi ale souvis\u00ed i o\u010dkov\u00e1n\u00ed. Sv\u00e9ho mazl\u00ed\u010dka byste vakc\u00ednami m\u011bli chr\u00e1nit p\u0159edev\u0161\u00edm proti myxomat\u00f3ze a kr\u00e1li\u010d\u00ed moru. Mezi dal\u0161\u00ed b\u011b\u017en\u00fd veterin\u00e1rn\u00ed \u00fakon u kr\u00e1l\u00edk\u016f bezesporu pat\u0159\u00ed st\u0159\u00edh\u00e1n\u00ed p\u0159erostl\u00fdch dr\u00e1p\u016f, kter\u00e9 ale s\u00a0trochou sebevzd\u011bl\u00e1n\u00ed a \u0161ikovnosti m\u016f\u017eete zvl\u00e1dnout i sami doma. Veterin\u00e1\u0159e naopak nemus\u00edte volat, pokud kr\u00e1l\u00edka p\u0159istihnete p\u0159i koprof\u00e1gii, neboli poj\u00edd\u00e1n\u00ed v\u00fdkal\u016f, kter\u00e9 je u nich norm\u00e1ln\u00ed.                                                                                                                                                                                                                                                                                                                                                                                        4.4\/5 - (9 votes)        "},{"@context":"https:\/\/schema.org\/","@type":"BreadcrumbList","itemListElement":[{"@type":"ListItem","position":1,"name":"Ani psa, ani ko\u010dku? Po\u0159i\u010fte d\u011btem kr\u00e1l\u00edka","item":"https:\/\/www.lekosta.cz\/ani-psa-ani-kocku-poridte-detem-kralika\/#breadcrumbitem"}]}]