[{"@context":"https:\/\/schema.org\/","@type":"Article","@id":"https:\/\/www.lekosta.cz\/uz-zadne-vetrani-v-zime-jenom-prijemne-chladno-v-lete-diky-klimatizaci\/#Article","mainEntityOfPage":"https:\/\/www.lekosta.cz\/uz-zadne-vetrani-v-zime-jenom-prijemne-chladno-v-lete-diky-klimatizaci\/","headline":"U\u017e \u017e\u00e1dn\u00e9 v\u011btr\u00e1n\u00ed v zim\u011b, jenom p\u0159\u00edjemn\u00e9 chladno v l\u00e9t\u011b d\u00edky klimatizaci","name":"U\u017e \u017e\u00e1dn\u00e9 v\u011btr\u00e1n\u00ed v zim\u011b, jenom p\u0159\u00edjemn\u00e9 chladno v l\u00e9t\u011b d\u00edky klimatizaci","description":"Je\u0161t\u011b p\u0159ed p\u00e1r des\u00edtkami let by si nikdo nemyslel, \u017ee<span class=\"more-dots\"><a href=\"https:\/\/www.lekosta.cz\/uz-zadne-vetrani-v-zime-jenom-prijemne-chladno-v-lete-diky-klimatizaci\/\">[ ... ]<\/span><\/a>","datePublished":"2021-10-03","dateModified":"2023-05-02","author":{"@type":"Person","@id":"https:\/\/www.lekosta.cz\/author\/#Person","name":"","url":"https:\/\/www.lekosta.cz\/author\/","identifier":1,"image":{"@type":"ImageObject","@id":"https:\/\/secure.gravatar.com\/avatar\/e746f9a3ec3ffe02f5df809714d800d50faf9f4f5ba0a7962a5d8229603fd33b?s=96&d=mm&r=g","url":"https:\/\/secure.gravatar.com\/avatar\/e746f9a3ec3ffe02f5df809714d800d50faf9f4f5ba0a7962a5d8229603fd33b?s=96&d=mm&r=g","height":96,"width":96}},"publisher":{"@type":"Organization","name":"lekosta.cz","logo":{"@type":"ImageObject","@id":"\/logo.png","url":"\/logo.png","width":600,"height":60}},"image":{"@type":"ImageObject","@id":"https:\/\/www.lekosta.cz\/wp-content\/uploads\/byt_10_1.jpg","url":"https:\/\/www.lekosta.cz\/wp-content\/uploads\/byt_10_1.jpg","height":0,"width":0},"url":"https:\/\/www.lekosta.cz\/uz-zadne-vetrani-v-zime-jenom-prijemne-chladno-v-lete-diky-klimatizaci\/","about":["Spole\u010dnosti"],"wordCount":455,"articleBody":"        Je\u0161t\u011b p\u0159ed p\u00e1r des\u00edtkami let by si nikdo nemyslel, \u017ee toto za\u0159\u00edzen\u00ed si jednou budeme moci po\u0159\u00eddit do sv\u00fdch domov\u016f a to v takov\u00e9 verzi, \u017ee ani nemus\u00edme bo\u0159it p\u016flku bar\u00e1ku. Klimatizace se v dne\u0161n\u00ed dob\u011b snadno instaluj\u00ed a nepot\u0159ebujete k tomu prov\u00e1d\u011bt kompletn\u00ed rekonstrukci. Daj\u00ed se velice snadno a pohodln\u011b namontovat do jak\u00fdchkoliv klasick\u00fdch byt\u016f nebo rodinn\u00fdch domov\u016f, nehled\u011b na to, \u017ee je velice \u010dasto v\u00edd\u00e1me tak\u00e9 v kancel\u00e1\u0159\u00edch, firm\u00e1ch a na r\u016fzn\u00fdch dal\u0161\u00edch m\u00edstech, v provozech, obchodech.Vyb\u00edrat p\u0159itom m\u016f\u017eete z r\u016fzn\u00fdch zna\u010dek za\u0159\u00edzen\u00ed, podle toho, co od za\u0159\u00edzen\u00ed o\u010dek\u00e1v\u00e1te, ale tak\u00e9 podle toho, do jak velk\u00e9 m\u00edstnosti toto za\u0159\u00edzen\u00ed instalujete. S t\u00edm v\u0161\u00edm v\u00e1m ale pomohou profesion\u00e1lov\u00e9, tak\u017ee pokud si p\u0159i v\u00fdb\u011bru nejste jist\u00ed, navrhnou v\u00e1m spr\u00e1vn\u00e9 \u0159e\u0161en\u00ed i typ za\u0159\u00edzen\u00ed, kter\u00fd bude pro dan\u00fd objekt vyhovovat vzhledem k po\u017eadavk\u016fm nejv\u00edce. To v\u0161echno obstar\u00e1vaj\u00ed slu\u017eby klimatizace. Bydl\u00edte v na\u0161em hlavn\u00edm m\u011bst\u011b a cht\u011bli byste tyto slu\u017eby vyu\u017e\u00edt? V tom p\u0159\u00edpad\u011b m\u016f\u017eete vyu\u017e\u00edt slu\u017eby  klimatizace praha.A te\u010f n\u011bco o samotn\u00e9m za\u0159\u00edzen\u00ed. Pro\u010d si jej vlastn\u011b po\u0159izovat? Nen\u00ed to jenom o tom, \u017ee n\u00e1m v l\u00e9t\u011b trochu ochlad\u00ed byt? Ne to nen\u00ed, v dne\u0161n\u00ed dob\u011b toho um\u00ed daleko v\u00edce. Vzduch m\u016f\u017ee ochlazovat, kdykoliv a na jakoukoliv dlouhou dobu. P\u0159\u00edjemn\u00e9 v hork\u00fdch parnech. Vzduch v m\u00edstnosti \u010dist\u00ed od \u0161kodlivin, prachu, pylu a smogu. Vhodn\u00e9 zejm\u00e9na pro alergiky nebo lidi s astmatem. I b\u011b\u017en\u00ed lid\u00e9 si v\u0161ak pochvaluj\u00ed, \u017ee jim do dom\u00e1cnosti proud\u00ed \u010dist\u00fd vzduch zbaven \u0161kodlivin, smogu z venkovn\u00ed ulice a je bez prach\u016f a pyl\u016f \u010di dal\u0161\u00edch ne\u010distot. Nemus\u00edte v\u011btrat. Obzvl\u00e1\u0161t\u011b v zim\u011b je to nep\u0159\u00edjemn\u00e9, proto\u017ee si pust\u00edme v\u0161echno teplo ven, kdy\u017e otev\u0159eme okno. V p\u0159\u00edpad\u011b, \u017ee budete m\u00edt nainstalovan\u00e9 za\u0159\u00edzen\u00ed u\u017e to d\u011blat nemus\u00edte. Samo reguluje p\u0159\u00edsun \u010derstv\u00e9ho vzduchu do m\u00edstnosti, tak\u017ee nemus\u00edte tak \u010dasto v\u011btrat. Udr\u017euje st\u00e1le optim\u00e1ln\u00ed teplotu v m\u00edstnosti, kterou si nastav\u00edte. Konstantn\u00ed teplota jak v zim\u011b, tak i v l\u00e9t\u011b. A nav\u00edc v\u00e1m za\u0159\u00edzen\u00ed p\u0159ijedou navrhnout, pomohou se spr\u00e1vn\u00fdm v\u00fdb\u011brem, odbornou instalac\u00ed, jak\u00fdmkoli servisem a provedou i ve\u0161ker\u00e9 pot\u0159ebn\u00e9 kontroly p\u0159es rok.                                                                                                                                                                                                                                                                                                                                                                                          4.2\/5 - (4 votes)        "},{"@context":"https:\/\/schema.org\/","@type":"BreadcrumbList","itemListElement":[{"@type":"ListItem","position":1,"name":"U\u017e \u017e\u00e1dn\u00e9 v\u011btr\u00e1n\u00ed v zim\u011b, jenom p\u0159\u00edjemn\u00e9 chladno v l\u00e9t\u011b d\u00edky klimatizaci","item":"https:\/\/www.lekosta.cz\/uz-zadne-vetrani-v-zime-jenom-prijemne-chladno-v-lete-diky-klimatizaci\/#breadcrumbitem"}]}]